[{"@context":"https:\/\/schema.org\/","@type":"Blog","@id":"https:\/\/www.webus.cz#Blog","headline":"Webus","description":"\nNen\u00ed pochyb o tom, \u017ee to m\u00e1 ka\u017ed\u00fd p\u0159inejmen\u0161\u00edm n\u011bkdy t\u011b\u017ek\u00e9. Ale v\u0161echno t\u011b\u017ek\u00e9 se d\u00e1 n\u011bjak usnadnit. T\u0159eba t\u00edm, \u017ee \u010dlov\u011bk vyu\u017eije nab\u00eddek na\u0161eho webu.","url":"https:\/\/www.webus.cz","hasPart":[{"@type":"Article","@id":"https:\/\/www.webus.cz\/co-nesmi-v-kovovyrobe-chybet\/","headline":"Co nesm\u00ed v kovov\u00fdrob\u011b chyb\u011bt?","url":"https:\/\/www.webus.cz\/co-nesmi-v-kovovyrobe-chybet\/","datePublished":"2024-11-19","dateModified":"2024-11-19","mainEntityOfPage":"https:\/\/www.webus.cz\/co-nesmi-v-kovovyrobe-chybet\/","author":{"@type":"Person","@id":"https:\/\/www.webus.cz\/author\/#Person","name":"","url":"https:\/\/www.webus.cz\/author\/","identifier":1,"image":{"@type":"ImageObject","@id":"https:\/\/secure.gravatar.com\/avatar\/d6cba3ab97c30e0df0e32548954cb6b1550f4672bd3a4687bf1118b122d757e8?s=96&d=mm&r=g","url":"https:\/\/secure.gravatar.com\/avatar\/d6cba3ab97c30e0df0e32548954cb6b1550f4672bd3a4687bf1118b122d757e8?s=96&d=mm&r=g","height":96,"width":96}},"publisher":{"@type":"Organization","name":"webus.cz","logo":{"@type":"ImageObject","@id":"\/logo.png","url":"\/logo.png","width":600,"height":60}},"image":{"@type":"ImageObject","@id":"https:\/\/www.webus.cz\/wp-content\/uploads\/xxxxxxxx_1.jpg","url":"https:\/\/www.webus.cz\/wp-content\/uploads\/xxxxxxxx_1.jpg","height":0,"width":0},"wordCount":594,"keywords":null},{"@type":"Article","@id":"https:\/\/www.webus.cz\/nasi-vizitkou-je-styl\/","headline":"Na\u0161\u00ed vizitkou je styl!","url":"https:\/\/www.webus.cz\/nasi-vizitkou-je-styl\/","datePublished":"2024-11-19","dateModified":"2024-11-19","mainEntityOfPage":"https:\/\/www.webus.cz\/nasi-vizitkou-je-styl\/","author":{"@type":"Person","@id":"https:\/\/www.webus.cz\/author\/#Person","name":"","url":"https:\/\/www.webus.cz\/author\/","identifier":1,"image":{"@type":"ImageObject","@id":"https:\/\/secure.gravatar.com\/avatar\/d6cba3ab97c30e0df0e32548954cb6b1550f4672bd3a4687bf1118b122d757e8?s=96&d=mm&r=g","url":"https:\/\/secure.gravatar.com\/avatar\/d6cba3ab97c30e0df0e32548954cb6b1550f4672bd3a4687bf1118b122d757e8?s=96&d=mm&r=g","height":96,"width":96}},"publisher":{"@type":"Organization","name":"webus.cz","logo":{"@type":"ImageObject","@id":"\/logo.png","url":"\/logo.png","width":600,"height":60}},"image":null,"wordCount":266,"keywords":null},{"@type":"Article","@id":"https:\/\/www.webus.cz\/nebojte-se-do-nich-investovat\/","headline":"Nebojte se do nich investovat","url":"https:\/\/www.webus.cz\/nebojte-se-do-nich-investovat\/","datePublished":"2024-11-15","dateModified":"2024-11-15","mainEntityOfPage":"https:\/\/www.webus.cz\/nebojte-se-do-nich-investovat\/","author":{"@type":"Person","@id":"https:\/\/www.webus.cz\/author\/#Person","name":"","url":"https:\/\/www.webus.cz\/author\/","identifier":1,"image":{"@type":"ImageObject","@id":"https:\/\/secure.gravatar.com\/avatar\/d6cba3ab97c30e0df0e32548954cb6b1550f4672bd3a4687bf1118b122d757e8?s=96&d=mm&r=g","url":"https:\/\/secure.gravatar.com\/avatar\/d6cba3ab97c30e0df0e32548954cb6b1550f4672bd3a4687bf1118b122d757e8?s=96&d=mm&r=g","height":96,"width":96}},"publisher":{"@type":"Organization","name":"webus.cz","logo":{"@type":"ImageObject","@id":"\/logo.png","url":"\/logo.png","width":600,"height":60}},"image":null,"wordCount":238,"keywords":null},{"@type":"Article","@id":"https:\/\/www.webus.cz\/nekdy-je-potreba-vic-penez\/","headline":"N\u011bkdy je pot\u0159eba v\u00edc pen\u011bz","url":"https:\/\/www.webus.cz\/nekdy-je-potreba-vic-penez\/","datePublished":"2024-11-09","dateModified":"2024-11-09","mainEntityOfPage":"https:\/\/www.webus.cz\/nekdy-je-potreba-vic-penez\/","author":{"@type":"Person","@id":"https:\/\/www.webus.cz\/author\/#Person","name":"","url":"https:\/\/www.webus.cz\/author\/","identifier":1,"image":{"@type":"ImageObject","@id":"https:\/\/secure.gravatar.com\/avatar\/d6cba3ab97c30e0df0e32548954cb6b1550f4672bd3a4687bf1118b122d757e8?s=96&d=mm&r=g","url":"https:\/\/secure.gravatar.com\/avatar\/d6cba3ab97c30e0df0e32548954cb6b1550f4672bd3a4687bf1118b122d757e8?s=96&d=mm&r=g","height":96,"width":96}},"publisher":{"@type":"Organization","name":"webus.cz","logo":{"@type":"ImageObject","@id":"\/logo.png","url":"\/logo.png","width":600,"height":60}},"image":{"@type":"ImageObject","@id":"https:\/\/www.webus.cz\/wp-content\/uploads\/pppppppppppppppppppppppppppppppppppppppppppppppppppppppp_5.jpg","url":"https:\/\/www.webus.cz\/wp-content\/uploads\/pppppppppppppppppppppppppppppppppppppppppppppppppppppppp_5.jpg","height":0,"width":0},"wordCount":643,"keywords":null},{"@type":"Article","@id":"https:\/\/www.webus.cz\/dokonale-sluzby-ktere-vas-nezklamou\/","headline":"Dokonal\u00e9 slu\u017eby, kter\u00e9 v\u00e1s nezklamou","url":"https:\/\/www.webus.cz\/dokonale-sluzby-ktere-vas-nezklamou\/","datePublished":"2024-11-09","dateModified":"2024-11-09","mainEntityOfPage":"https:\/\/www.webus.cz\/dokonale-sluzby-ktere-vas-nezklamou\/","author":{"@type":"Person","@id":"https:\/\/www.webus.cz\/author\/#Person","name":"","url":"https:\/\/www.webus.cz\/author\/","identifier":1,"image":{"@type":"ImageObject","@id":"https:\/\/secure.gravatar.com\/avatar\/d6cba3ab97c30e0df0e32548954cb6b1550f4672bd3a4687bf1118b122d757e8?s=96&d=mm&r=g","url":"https:\/\/secure.gravatar.com\/avatar\/d6cba3ab97c30e0df0e32548954cb6b1550f4672bd3a4687bf1118b122d757e8?s=96&d=mm&r=g","height":96,"width":96}},"publisher":{"@type":"Organization","name":"webus.cz","logo":{"@type":"ImageObject","@id":"\/logo.png","url":"\/logo.png","width":600,"height":60}},"image":null,"wordCount":235,"keywords":null},{"@type":"Article","@id":"https:\/\/www.webus.cz\/svatebni-fotograf-z-jineho-koutu-republiky-proc-se-nebat-rezervovat-fotografa-z-daleka\/","headline":"Svatebn\u00ed fotograf z jin\u00e9ho koutu republiky: Pro\u010d se neb\u00e1t rezervovat fotografa z daleka","url":"https:\/\/www.webus.cz\/svatebni-fotograf-z-jineho-koutu-republiky-proc-se-nebat-rezervovat-fotografa-z-daleka\/","datePublished":"2024-11-06","dateModified":"2024-11-06","mainEntityOfPage":"https:\/\/www.webus.cz\/svatebni-fotograf-z-jineho-koutu-republiky-proc-se-nebat-rezervovat-fotografa-z-daleka\/","author":{"@type":"Person","@id":"https:\/\/www.webus.cz\/author\/#Person","name":"","url":"https:\/\/www.webus.cz\/author\/","identifier":1,"image":{"@type":"ImageObject","@id":"https:\/\/secure.gravatar.com\/avatar\/d6cba3ab97c30e0df0e32548954cb6b1550f4672bd3a4687bf1118b122d757e8?s=96&d=mm&r=g","url":"https:\/\/secure.gravatar.com\/avatar\/d6cba3ab97c30e0df0e32548954cb6b1550f4672bd3a4687bf1118b122d757e8?s=96&d=mm&r=g","height":96,"width":96}},"publisher":{"@type":"Organization","name":"webus.cz","logo":{"@type":"ImageObject","@id":"\/logo.png","url":"\/logo.png","width":600,"height":60}},"image":{"@type":"ImageObject","@id":"https:\/\/www.webus.cz\/wp-content\/uploads\/svatebni_fotografka_Brno_(2)_M9wT4Z.jpg","url":"https:\/\/www.webus.cz\/wp-content\/uploads\/svatebni_fotografka_Brno_(2)_M9wT4Z.jpg","height":0,"width":0},"wordCount":842,"keywords":null},{"@type":"Article","@id":"https:\/\/www.webus.cz\/zajimava-ozdoba-do-vasi-domacnosti\/","headline":"Zaj\u00edmav\u00e1 ozdoba do Va\u0161\u00ed dom\u00e1cnosti","url":"https:\/\/www.webus.cz\/zajimava-ozdoba-do-vasi-domacnosti\/","datePublished":"2024-11-01","dateModified":"2024-11-01","mainEntityOfPage":"https:\/\/www.webus.cz\/zajimava-ozdoba-do-vasi-domacnosti\/","author":{"@type":"Person","@id":"https:\/\/www.webus.cz\/author\/#Person","name":"","url":"https:\/\/www.webus.cz\/author\/","identifier":1,"image":{"@type":"ImageObject","@id":"https:\/\/secure.gravatar.com\/avatar\/d6cba3ab97c30e0df0e32548954cb6b1550f4672bd3a4687bf1118b122d757e8?s=96&d=mm&r=g","url":"https:\/\/secure.gravatar.com\/avatar\/d6cba3ab97c30e0df0e32548954cb6b1550f4672bd3a4687bf1118b122d757e8?s=96&d=mm&r=g","height":96,"width":96}},"publisher":{"@type":"Organization","name":"webus.cz","logo":{"@type":"ImageObject","@id":"\/logo.png","url":"\/logo.png","width":600,"height":60}},"image":null,"wordCount":283,"keywords":null},{"@type":"Article","@id":"https:\/\/www.webus.cz\/retro-styl-je-stale-zadanejsi\/","headline":"Retro styl je st\u00e1le \u017e\u00e1dan\u011bj\u0161\u00ed","url":"https:\/\/www.webus.cz\/retro-styl-je-stale-zadanejsi\/","datePublished":"2024-10-25","dateModified":"2024-10-25","mainEntityOfPage":"https:\/\/www.webus.cz\/retro-styl-je-stale-zadanejsi\/","author":{"@type":"Person","@id":"https:\/\/www.webus.cz\/author\/#Person","name":"","url":"https:\/\/www.webus.cz\/author\/","identifier":1,"image":{"@type":"ImageObject","@id":"https:\/\/secure.gravatar.com\/avatar\/d6cba3ab97c30e0df0e32548954cb6b1550f4672bd3a4687bf1118b122d757e8?s=96&d=mm&r=g","url":"https:\/\/secure.gravatar.com\/avatar\/d6cba3ab97c30e0df0e32548954cb6b1550f4672bd3a4687bf1118b122d757e8?s=96&d=mm&r=g","height":96,"width":96}},"publisher":{"@type":"Organization","name":"webus.cz","logo":{"@type":"ImageObject","@id":"\/logo.png","url":"\/logo.png","width":600,"height":60}},"image":null,"wordCount":275,"keywords":null},{"@type":"Article","@id":"https:\/\/www.webus.cz\/nabizime-velice-vyhodny-vykup-stroju\/","headline":"Nab\u00edz\u00edme velice v\u00fdhodn\u00fd v\u00fdkup stroj\u016f","url":"https:\/\/www.webus.cz\/nabizime-velice-vyhodny-vykup-stroju\/","datePublished":"2024-10-17","dateModified":"2024-10-17","mainEntityOfPage":"https:\/\/www.webus.cz\/nabizime-velice-vyhodny-vykup-stroju\/","author":{"@type":"Person","@id":"https:\/\/www.webus.cz\/author\/#Person","name":"","url":"https:\/\/www.webus.cz\/author\/","identifier":1,"image":{"@type":"ImageObject","@id":"https:\/\/secure.gravatar.com\/avatar\/d6cba3ab97c30e0df0e32548954cb6b1550f4672bd3a4687bf1118b122d757e8?s=96&d=mm&r=g","url":"https:\/\/secure.gravatar.com\/avatar\/d6cba3ab97c30e0df0e32548954cb6b1550f4672bd3a4687bf1118b122d757e8?s=96&d=mm&r=g","height":96,"width":96}},"publisher":{"@type":"Organization","name":"webus.cz","logo":{"@type":"ImageObject","@id":"\/logo.png","url":"\/logo.png","width":600,"height":60}},"image":null,"wordCount":290,"keywords":null},{"@type":"Article","@id":"https:\/\/www.webus.cz\/vymena-hlinikovych-elektrickych-rozvodu-ano-ci-ne\/","headline":"V\u00fdm\u011bna hlin\u00edkov\u00fdch elektrick\u00fdch rozvod\u016f \u2013 ano \u010di ne","url":"https:\/\/www.webus.cz\/vymena-hlinikovych-elektrickych-rozvodu-ano-ci-ne\/","datePublished":"2024-09-10","dateModified":"2024-09-10","mainEntityOfPage":"https:\/\/www.webus.cz\/vymena-hlinikovych-elektrickych-rozvodu-ano-ci-ne\/","author":{"@type":"Person","@id":"https:\/\/www.webus.cz\/author\/#Person","name":"","url":"https:\/\/www.webus.cz\/author\/","identifier":1,"image":{"@type":"ImageObject","@id":"https:\/\/secure.gravatar.com\/avatar\/d6cba3ab97c30e0df0e32548954cb6b1550f4672bd3a4687bf1118b122d757e8?s=96&d=mm&r=g","url":"https:\/\/secure.gravatar.com\/avatar\/d6cba3ab97c30e0df0e32548954cb6b1550f4672bd3a4687bf1118b122d757e8?s=96&d=mm&r=g","height":96,"width":96}},"publisher":{"@type":"Organization","name":"webus.cz","logo":{"@type":"ImageObject","@id":"\/logo.png","url":"\/logo.png","width":600,"height":60}},"image":{"@type":"ImageObject","@id":"https:\/\/www.webus.cz\/wp-content\/uploads\/cables-2147462_640.jpg","url":"https:\/\/www.webus.cz\/wp-content\/uploads\/cables-2147462_640.jpg","height":0,"width":0},"wordCount":594,"keywords":null}]},{"@context":"https:\/\/schema.org","@type":"WebSite","@id":"https:\/\/www.webus.cz\/#website","name":"Webus","url":"https:\/\/www.webus.cz","potentialAction":{"@type":"SearchAction","target":"https:\/\/www.webus.cz\/?s={search_term_string}","query-input":"required name=search_term_string"}}]