[{"@context":"https:\/\/schema.org\/","@type":"Blog","@id":"https:\/\/www.webus.cz#Blog","headline":"Webus","description":"\nNen\u00ed pochyb o tom, \u017ee to m\u00e1 ka\u017ed\u00fd p\u0159inejmen\u0161\u00edm n\u011bkdy t\u011b\u017ek\u00e9. Ale v\u0161echno t\u011b\u017ek\u00e9 se d\u00e1 n\u011bjak usnadnit. T\u0159eba t\u00edm, \u017ee \u010dlov\u011bk vyu\u017eije nab\u00eddek na\u0161eho webu.","url":"https:\/\/www.webus.cz","hasPart":[{"@type":"Article","@id":"https:\/\/www.webus.cz\/osobni-bankrot-neni-pro-kazdeho\/","headline":"Osobn\u00ed bankrot nen\u00ed pro ka\u017ed\u00e9ho","url":"https:\/\/www.webus.cz\/osobni-bankrot-neni-pro-kazdeho\/","datePublished":"2017-10-13","dateModified":"2017-10-13","mainEntityOfPage":"https:\/\/www.webus.cz\/osobni-bankrot-neni-pro-kazdeho\/","author":{"@type":"Person","@id":"https:\/\/www.webus.cz\/author\/#Person","name":"","url":"https:\/\/www.webus.cz\/author\/","identifier":1,"image":{"@type":"ImageObject","@id":"https:\/\/secure.gravatar.com\/avatar\/d6cba3ab97c30e0df0e32548954cb6b1550f4672bd3a4687bf1118b122d757e8?s=96&d=mm&r=g","url":"https:\/\/secure.gravatar.com\/avatar\/d6cba3ab97c30e0df0e32548954cb6b1550f4672bd3a4687bf1118b122d757e8?s=96&d=mm&r=g","height":96,"width":96}},"publisher":{"@type":"Organization","name":"webus.cz","logo":{"@type":"ImageObject","@id":"\/logo.png","url":"\/logo.png","width":600,"height":60}},"image":{"@type":"ImageObject","@id":"https:\/\/www.webus.cz\/wp-content\/uploads\/img_a302922_w2044_t1512983078.jpg","url":"https:\/\/www.webus.cz\/wp-content\/uploads\/img_a302922_w2044_t1512983078.jpg","height":0,"width":0},"wordCount":542,"keywords":null},{"@type":"Article","@id":"https:\/\/www.webus.cz\/i-vy-budete-velice-spokojeni\/","headline":"I Vy budete velice spokojeni","url":"https:\/\/www.webus.cz\/i-vy-budete-velice-spokojeni\/","datePublished":"2017-09-14","dateModified":"2017-09-14","mainEntityOfPage":"https:\/\/www.webus.cz\/i-vy-budete-velice-spokojeni\/","author":{"@type":"Person","@id":"https:\/\/www.webus.cz\/author\/#Person","name":"","url":"https:\/\/www.webus.cz\/author\/","identifier":1,"image":{"@type":"ImageObject","@id":"https:\/\/secure.gravatar.com\/avatar\/d6cba3ab97c30e0df0e32548954cb6b1550f4672bd3a4687bf1118b122d757e8?s=96&d=mm&r=g","url":"https:\/\/secure.gravatar.com\/avatar\/d6cba3ab97c30e0df0e32548954cb6b1550f4672bd3a4687bf1118b122d757e8?s=96&d=mm&r=g","height":96,"width":96}},"publisher":{"@type":"Organization","name":"webus.cz","logo":{"@type":"ImageObject","@id":"\/logo.png","url":"\/logo.png","width":600,"height":60}},"image":{"@type":"ImageObject","@id":"https:\/\/www.webus.cz\/wp-content\/uploads\/img_a301685_w1969_t1511779356.jpg","url":"https:\/\/www.webus.cz\/wp-content\/uploads\/img_a301685_w1969_t1511779356.jpg","height":0,"width":0},"wordCount":541,"keywords":null},{"@type":"Article","@id":"https:\/\/www.webus.cz\/sviceni-za-hubicku-aneb-jak-usetrit-na-spotrebe-elektriny\/","headline":"Sv\u00edcen\u00ed za hubi\u010dku, aneb jak u\u0161et\u0159it na spot\u0159eb\u011b elekt\u0159iny","url":"https:\/\/www.webus.cz\/sviceni-za-hubicku-aneb-jak-usetrit-na-spotrebe-elektriny\/","datePublished":"2017-04-25","dateModified":"2017-04-25","mainEntityOfPage":"https:\/\/www.webus.cz\/sviceni-za-hubicku-aneb-jak-usetrit-na-spotrebe-elektriny\/","author":{"@type":"Person","@id":"https:\/\/www.webus.cz\/author\/#Person","name":"","url":"https:\/\/www.webus.cz\/author\/","identifier":1,"image":{"@type":"ImageObject","@id":"https:\/\/secure.gravatar.com\/avatar\/d6cba3ab97c30e0df0e32548954cb6b1550f4672bd3a4687bf1118b122d757e8?s=96&d=mm&r=g","url":"https:\/\/secure.gravatar.com\/avatar\/d6cba3ab97c30e0df0e32548954cb6b1550f4672bd3a4687bf1118b122d757e8?s=96&d=mm&r=g","height":96,"width":96}},"publisher":{"@type":"Organization","name":"webus.cz","logo":{"@type":"ImageObject","@id":"\/logo.png","url":"\/logo.png","width":600,"height":60}},"image":{"@type":"ImageObject","@id":"https:\/\/www.webus.cz\/wp-content\/uploads\/img_a287733_w2021_t1498319719.jpg","url":"https:\/\/www.webus.cz\/wp-content\/uploads\/img_a287733_w2021_t1498319719.jpg","height":0,"width":0},"wordCount":554,"keywords":null},{"@type":"Article","@id":"https:\/\/www.webus.cz\/dum-zdeny\/","headline":"D\u016fm zd\u011bn\u00fd","url":"https:\/\/www.webus.cz\/dum-zdeny\/","datePublished":"2016-12-05","dateModified":"2016-12-05","mainEntityOfPage":"https:\/\/www.webus.cz\/dum-zdeny\/","author":{"@type":"Person","@id":"https:\/\/www.webus.cz\/author\/#Person","name":"","url":"https:\/\/www.webus.cz\/author\/","identifier":1,"image":{"@type":"ImageObject","@id":"https:\/\/secure.gravatar.com\/avatar\/d6cba3ab97c30e0df0e32548954cb6b1550f4672bd3a4687bf1118b122d757e8?s=96&d=mm&r=g","url":"https:\/\/secure.gravatar.com\/avatar\/d6cba3ab97c30e0df0e32548954cb6b1550f4672bd3a4687bf1118b122d757e8?s=96&d=mm&r=g","height":96,"width":96}},"publisher":{"@type":"Organization","name":"webus.cz","logo":{"@type":"ImageObject","@id":"\/logo.png","url":"\/logo.png","width":600,"height":60}},"image":null,"wordCount":463,"keywords":null},{"@type":"Article","@id":"https:\/\/www.webus.cz\/co-ve-vztahu-od-muzu-ocekavame\/","headline":"Co ve vztahu od mu\u017e\u016f o\u010dek\u00e1v\u00e1me?","url":"https:\/\/www.webus.cz\/co-ve-vztahu-od-muzu-ocekavame\/","datePublished":"2016-11-06","dateModified":"2016-11-06","mainEntityOfPage":"https:\/\/www.webus.cz\/co-ve-vztahu-od-muzu-ocekavame\/","author":{"@type":"Person","@id":"https:\/\/www.webus.cz\/author\/#Person","name":"","url":"https:\/\/www.webus.cz\/author\/","identifier":1,"image":{"@type":"ImageObject","@id":"https:\/\/secure.gravatar.com\/avatar\/d6cba3ab97c30e0df0e32548954cb6b1550f4672bd3a4687bf1118b122d757e8?s=96&d=mm&r=g","url":"https:\/\/secure.gravatar.com\/avatar\/d6cba3ab97c30e0df0e32548954cb6b1550f4672bd3a4687bf1118b122d757e8?s=96&d=mm&r=g","height":96,"width":96}},"publisher":{"@type":"Organization","name":"webus.cz","logo":{"@type":"ImageObject","@id":"\/logo.png","url":"\/logo.png","width":600,"height":60}},"image":{"@type":"ImageObject","@id":"https:\/\/www.webus.cz\/wp-content\/uploads\/img_a278453_w3382_t1602064262.jpg","url":"https:\/\/www.webus.cz\/wp-content\/uploads\/img_a278453_w3382_t1602064262.jpg","height":0,"width":0},"wordCount":549,"keywords":null},{"@type":"Article","@id":"https:\/\/www.webus.cz\/susicka-ano-ci-ne\/","headline":"Su\u0161i\u010dka ano \u010di ne","url":"https:\/\/www.webus.cz\/susicka-ano-ci-ne\/","datePublished":"2016-10-02","dateModified":"2016-10-02","mainEntityOfPage":"https:\/\/www.webus.cz\/susicka-ano-ci-ne\/","author":{"@type":"Person","@id":"https:\/\/www.webus.cz\/author\/#Person","name":"","url":"https:\/\/www.webus.cz\/author\/","identifier":1,"image":{"@type":"ImageObject","@id":"https:\/\/secure.gravatar.com\/avatar\/d6cba3ab97c30e0df0e32548954cb6b1550f4672bd3a4687bf1118b122d757e8?s=96&d=mm&r=g","url":"https:\/\/secure.gravatar.com\/avatar\/d6cba3ab97c30e0df0e32548954cb6b1550f4672bd3a4687bf1118b122d757e8?s=96&d=mm&r=g","height":96,"width":96}},"publisher":{"@type":"Organization","name":"webus.cz","logo":{"@type":"ImageObject","@id":"\/logo.png","url":"\/logo.png","width":600,"height":60}},"image":null,"wordCount":509,"keywords":null}]},{"@context":"https:\/\/schema.org","@type":"WebSite","@id":"https:\/\/www.webus.cz\/#website","name":"Webus","url":"https:\/\/www.webus.cz","potentialAction":{"@type":"SearchAction","target":"https:\/\/www.webus.cz\/?s={search_term_string}","query-input":"required name=search_term_string"}}]