[{"@context":"https:\/\/schema.org\/","@type":"Article","@id":"https:\/\/www.webus.cz\/je-13-let-dostatecne-vysoky-vek-pro-socialni-site\/#Article","mainEntityOfPage":"https:\/\/www.webus.cz\/je-13-let-dostatecne-vysoky-vek-pro-socialni-site\/","headline":"Je 13 let dostate\u010dn\u011b vysok\u00fd v\u011bk pro soci\u00e1ln\u00ed s\u00edt\u011b","name":"Je 13 let dostate\u010dn\u011b vysok\u00fd v\u011bk pro soci\u00e1ln\u00ed s\u00edt\u011b","description":"Soci\u00e1ln\u00ed s\u00edt\u011b se staly dnes b\u011b\u017enou sou\u010d\u00e1st\u00ed na\u0161ich \u017eivot\u016f. A to plat\u00ed i p\u0159esto, \u017ee rozhodn\u011b nejsou bez ur\u010dit\u00fdch negativ. Je toti\u017e jasn\u00e9, \u017ee moderovat je nen\u00ed zrovna jednoduch\u00e9, a jejich obsah nemus\u00ed b\u00fdt zrovna vhodn\u00fd pro ka\u017ed\u00e9ho. To je ostatn\u011b tak\u00e9 d\u016fvod, pro\u010d m\u00e1 naprost\u00e1 v\u011bt\u0161ina z\u00a0nich v\u011bkov\u00e9 omezen\u00ed, zpravidla 13 let. Oz\u00fdvaj\u00ed se","datePublished":"2023-08-03","dateModified":"2024-06-04","author":{"@type":"Person","@id":"https:\/\/www.webus.cz\/author\/#Person","name":"","url":"https:\/\/www.webus.cz\/author\/","identifier":1,"image":{"@type":"ImageObject","@id":"https:\/\/secure.gravatar.com\/avatar\/d6cba3ab97c30e0df0e32548954cb6b1550f4672bd3a4687bf1118b122d757e8?s=96&d=mm&r=g","url":"https:\/\/secure.gravatar.com\/avatar\/d6cba3ab97c30e0df0e32548954cb6b1550f4672bd3a4687bf1118b122d757e8?s=96&d=mm&r=g","height":96,"width":96}},"publisher":{"@type":"Organization","name":"webus.cz","logo":{"@type":"ImageObject","@id":"\/logo.png","url":"\/logo.png","width":600,"height":60}},"image":{"@type":"ImageObject","@id":"https:\/\/www.webus.cz\/wp-content\/uploads\/internet4_10_4.png","url":"https:\/\/www.webus.cz\/wp-content\/uploads\/internet4_10_4.png","height":0,"width":0},"url":"https:\/\/www.webus.cz\/je-13-let-dostatecne-vysoky-vek-pro-socialni-site\/","about":["Web"],"wordCount":441,"articleBody":"Soci\u00e1ln\u00ed s\u00edt\u011b se staly dnes b\u011b\u017enou sou\u010d\u00e1st\u00ed na\u0161ich \u017eivot\u016f. A to plat\u00ed i p\u0159esto, \u017ee rozhodn\u011b nejsou bez ur\u010dit\u00fdch negativ. Je toti\u017e jasn\u00e9, \u017ee moderovat je nen\u00ed zrovna jednoduch\u00e9, a jejich obsah nemus\u00ed b\u00fdt zrovna vhodn\u00fd pro ka\u017ed\u00e9ho. To je ostatn\u011b tak\u00e9 d\u016fvod, pro\u010d m\u00e1 naprost\u00e1 v\u011bt\u0161ina z\u00a0nich v\u011bkov\u00e9 omezen\u00ed, zpravidla 13 let. Oz\u00fdvaj\u00ed se v\u0161ak hlasy, \u017ee i toto je po\u0159\u00e1d p\u0159\u00edli\u0161 n\u00edzk\u00fd v\u011bk.\u00a0\u00a0Pravdou je, \u017ee na soci\u00e1ln\u00edch s\u00edt\u00edch najdeme v\u0161e, a na rozd\u00edl od jin\u00fdch zde nem\u00e1me jasn\u011b rozd\u011blen obsah vhodn\u00fd pro dosp\u011bl\u00e9 a obsah vhodn\u00fd pro d\u011bti. Ani nelze nastavit filtraci p\u0159\u00edsp\u011bvk\u016f \u010di koment\u00e1\u0159\u016f s\u00a0nevhodn\u00fdm obsahem. To je tak\u00e9 ostatn\u011b d\u016fvod, pro\u010d p\u0159ed nimi mnoz\u00ed odborn\u00edci varuj\u00ed, zvl\u00e1\u0161t\u011b pokud jde o d\u011bti.\u00a0Probl\u00e9m je, \u017ee rodi\u010de \u010dasto pova\u017euj\u00ed internet za bezpe\u010dn\u00e9 m\u00edsto, nebo\u0165 zde se jejich d\u00edt\u011bti nem\u016f\u017ee p\u0159eci nic st\u00e1t. Nehroz\u00ed, \u017ee jej n\u011bkdo unese nebo mu ubl\u00ed\u017e\u00ed. Proto, i kdy\u017e sv\u00e9 d\u011bti venku hl\u00eddaj\u00ed jako oko v\u00a0hlavn\u011b, na internetu jej nechaj\u00ed d\u011blat prakticky cokoliv, v\u010detn\u011b p\u0159ihl\u00e1\u0161en\u00ed na soci\u00e1ln\u00ed s\u00edt\u011b. Zde je pot\u0159eba \u0159\u00edci, \u017ee fakt, zda je onomu u\u017eivateli skute\u010dn\u011b v\u00edce jak 13 let, nikdo nekontroluje, a d\u011bti to moc dob\u0159e v\u00ed.\u00a0\u00a0Je tedy ot\u00e1zkou, zda by nebylo moudr\u00e9 tento v\u011bk zv\u00fd\u0161it nap\u0159\u00edklad na 15, p\u0159\u00edpadn\u011b i 18 let, a p\u0159\u00edstup podm\u00ednit ob\u010dansk\u00fdm pr\u016fkazem. Jist\u011b, u mezin\u00e1rodn\u00edch soci\u00e1ln\u00edch s\u00edt\u00ed, kdy ka\u017ed\u00e1 zem\u011b m\u00e1 sv\u016fj vlastn\u00ed typ identifika\u010dn\u00edho dokladu, by to bylo obt\u00ed\u017en\u00e9, av\u0161ak zd\u00e1 se to jako jedin\u00e1 mo\u017enost, jak na\u0161e d\u011bti ochr\u00e1nit.\u00a0A\u0165 se n\u00e1m to toti\u017e l\u00edb\u00ed nebo ne, faktem je, \u017ee internet a soci\u00e1ln\u00ed s\u00edt\u011b zvl\u00e1\u0161\u0165 nejsou rozhodn\u011b tak bezpe\u010dn\u00e9, jak se n\u00e1m m\u016f\u017ee zd\u00e1t. Jist\u011b, navenek n\u00e1\u0161 potomek jen sed\u00ed u po\u010d\u00edta\u010de \u010di mobilu, av\u0161ak z\u00e1rove\u0148 m\u016f\u017ee komunikovat s\u00a0\u00fapln\u011b ciz\u00edm \u010dlov\u011bkem a vyzrazovat mu nap\u0159\u00edklad sv\u00e9 osobn\u00ed informace \u010di to, kdy odj\u00ed\u017ed\u00edte na dovolenou a d\u016fm bude pr\u00e1zdn\u00fd. D\u00edt\u011b z\u00a0toho v\u0161ak nevi\u0148te \u2013 ono z\u00a0toho je\u0161t\u011b nem\u00e1 rozum. Ve\u0161ker\u00e1 vina je na v\u00e1s, nebo\u0165 jste na n\u011bj dostate\u010dn\u011b nedohl\u00ed\u017eeli.                                                                                                                                                                                                                                                                                                                                                                                        3.7\/5 - (8 votes)        "},{"@context":"https:\/\/schema.org\/","@type":"BreadcrumbList","itemListElement":[{"@type":"ListItem","position":1,"name":"Je 13 let dostate\u010dn\u011b vysok\u00fd v\u011bk pro soci\u00e1ln\u00ed s\u00edt\u011b","item":"https:\/\/www.webus.cz\/je-13-let-dostatecne-vysoky-vek-pro-socialni-site\/#breadcrumbitem"}]}]