[{"@context":"https:\/\/schema.org\/","@type":"Article","@id":"https:\/\/www.webus.cz\/deti-predskolniho-veku-chteji-mobil\/#Article","mainEntityOfPage":"https:\/\/www.webus.cz\/deti-predskolniho-veku-chteji-mobil\/","headline":"D\u011bti p\u0159ed\u0161koln\u00edho v\u011bku cht\u011bj\u00ed mobil","name":"D\u011bti p\u0159ed\u0161koln\u00edho v\u011bku cht\u011bj\u00ed mobil","description":"V dne\u0161n\u00ed dob\u011b u\u017e maj\u00ed \u010d\u00edm d\u00e1l t\u00edm men\u0161\u00ed d\u011bti mobiln\u00ed telefon. Mysl\u00edte si, \u017ee je to spr\u00e1vn\u00e9? J\u00e1 si popravd\u011b mysl\u00edm, \u017ee to spr\u00e1vn\u00e9 nen\u00ed, proto\u017ee pomalu u\u017e mobil maj\u00ed prost\u011b d\u011bti i v mate\u0159sk\u00e9 \u0161kolce a um\u00ed na n\u011bm velice dob\u0159e pracovat, proto\u017ee jak se \u0159\u00edk\u00e1, d\u011bti jsou opravdu velice bystr\u00e9, spokojen\u00e9 a","datePublished":"2023-07-23","dateModified":"2023-07-23","author":{"@type":"Person","@id":"https:\/\/www.webus.cz\/author\/#Person","name":"","url":"https:\/\/www.webus.cz\/author\/","identifier":1,"image":{"@type":"ImageObject","@id":"https:\/\/secure.gravatar.com\/avatar\/d6cba3ab97c30e0df0e32548954cb6b1550f4672bd3a4687bf1118b122d757e8?s=96&d=mm&r=g","url":"https:\/\/secure.gravatar.com\/avatar\/d6cba3ab97c30e0df0e32548954cb6b1550f4672bd3a4687bf1118b122d757e8?s=96&d=mm&r=g","height":96,"width":96}},"publisher":{"@type":"Organization","name":"webus.cz","logo":{"@type":"ImageObject","@id":"\/logo.png","url":"\/logo.png","width":600,"height":60}},"image":{"@type":"ImageObject","@id":"https:\/\/www.webus.cz\/wp-content\/uploads\/istockphoto-1371039119-612x612_2.jpg","url":"https:\/\/www.webus.cz\/wp-content\/uploads\/istockphoto-1371039119-612x612_2.jpg","height":0,"width":0},"url":"https:\/\/www.webus.cz\/deti-predskolniho-veku-chteji-mobil\/","about":["Mobil"],"wordCount":528,"articleBody":"V dne\u0161n\u00ed dob\u011b u\u017e maj\u00ed \u010d\u00edm d\u00e1l t\u00edm men\u0161\u00ed d\u011bti mobiln\u00ed telefon. Mysl\u00edte si, \u017ee je to spr\u00e1vn\u00e9? J\u00e1 si popravd\u011b mysl\u00edm, \u017ee to spr\u00e1vn\u00e9 nen\u00ed, proto\u017ee pomalu u\u017e mobil maj\u00ed prost\u011b d\u011bti i v mate\u0159sk\u00e9 \u0161kolce a um\u00ed na n\u011bm velice dob\u0159e pracovat, proto\u017ee jak se \u0159\u00edk\u00e1, d\u011bti jsou opravdu velice bystr\u00e9, spokojen\u00e9 a opravdu hlavn\u011b maj\u00ed pam\u011b\u0165, kter\u00e1 jim opravdu velice dob\u0159e slou\u017e\u00ed a v\u0161echno si mnohem v\u00edc zapamatuj\u00ed ne\u017e prost\u011b dosp\u011bl\u00fd \u010dlov\u011bk. Ale samoz\u0159ejm\u011b s t\u00edmhle by dosp\u011bl\u00fd \u010dlov\u011bk m\u011bl b\u00fdt opatrn\u00fd, proto\u017ee kdy\u017e u\u017e takov\u00fd mobil d\u00edt\u011bti koup\u00edme, a to d\u00edt\u011b je teprve v mate\u0159sk\u00e9 \u0161kolce, tak opravdu to m\u00e1 i ur\u010dit\u00e1 sv\u00e1 rizika, kter\u00e1 prost\u011b jsou velice podstatn\u00e1 pro n\u00e1s, abychom to d\u00edt\u011b u\u010dili, jak s t\u00edm mobilem m\u00e1 zach\u00e1zet, co sm\u00ed, co nesm\u00ed, proto\u017ee opravdu je to i takov\u00e1 zodpov\u011bdnost. M\u00edt takov\u00fd mobiln\u00ed telefon by v\u011bt\u0161inou takov\u00e9 d\u00edt\u011b v mate\u0159sk\u00fdch \u0161kolk\u00e1ch prost\u011b je\u0161t\u011b nem\u011blo m\u00edt. Proto pokud t\u0159eba doma tu\u0161\u00edte, \u017ee m\u00e1te \u0161ikovn\u00e9 d\u00edt\u011b, kter\u00e9 by zvl\u00e1dlo mobiln\u00ed telefon a v\u00edte, \u017ee t\u0159eba je tro\u0161ku rozumn\u00e9, tak zkuste tomu d\u00edt\u011bti vysv\u011btlit, co na tom mobilu sm\u00ed, co nesm\u00ed, ale je to takov\u00e9 opravdu samoz\u0159ejm\u011b n\u00e1ro\u010dn\u00e9, proto\u017ee i p\u0159esto, \u017ee to d\u00edt\u011b n\u011bco nau\u010d\u00edte, tak to d\u00edt\u011b to m\u016f\u017ee ud\u011blat prost\u011b jinak, proto\u017ee je to d\u00edt\u011b, m\u00e1 sv\u016fj sv\u011bt a prost\u011b \u017eije \u00fapln\u011b jinak ne\u017e my dosp\u011bl\u00ed. Tak\u017ee pokud t\u0159eba opravdu zjist\u00edte, \u017ee to d\u00edt\u011b ned\u011bl\u00e1 v\u016fbec nic \u0161patn\u00e9ho na tom mobilu a zavol\u00e1 v\u00e1m opravdu jenom v takov\u00e9 v t\u00e9 nejvy\u0161\u0161\u00ed nouzi, tak je to v po\u0159\u00e1dku. Ale pokud opravdu je to potom d\u00edt\u011b, kter\u00e9 t\u0159eba necht\u011bn\u011b vyto\u010d\u00ed t\u00edsnivou linku nebo n\u011bjak\u00e9 takov\u00e9 v\u011bci se budou d\u00edt, tak opravdu ten mobil tomu d\u00edt\u011bti vezm\u011bte, proto\u017ee nem\u00e1 to cenu, aby se n\u011bco takov\u00e9ho d\u011blo, anebo prost\u011b to tomu d\u00edt\u011bti vysv\u011btlit a pokud to nepochop\u00ed, tak tomu d\u00edt\u011bti ten telefon prost\u011b vezm\u011bte. Je to prost\u011b takov\u00e9 o tom pozn\u00e1n\u00ed toho d\u00edt\u011bte, jak\u00e9 va\u0161e to d\u00edt\u011b je, a rozhodn\u011b je to prost\u011b v\u0161echno hlavn\u011b na t\u011bch dosp\u011bl\u00fdch, jak to d\u00edt\u011b budou motivovat, nebo hlavn\u011b jak to d\u00edt\u011b to v\u0161echno bude vn\u00edmat, proto\u017ee v\u0161echno prost\u011b je to o rodi\u010d\u00edch, jak se k tomu d\u00edt\u011bti zachovaj\u00ed, jak mu to vysv\u011btl\u00ed, ale ka\u017edop\u00e1dn\u011b je to takov\u00e9 pom\u011brn\u011b brzy, aby opravdu d\u00edt\u011b v mate\u0159sk\u00e9 \u0161kolce m\u011blo telefon. J\u00e1 osobn\u011b bych rozhodn\u011b s t\u00edmhle je\u0161t\u011b po\u010dkala minim\u00e1ln\u011b, ne\u017e bude povinn\u00e1 \u0161koln\u00ed doch\u00e1zka.                                                                                                                                                                                                                                                                                                                                                                                        4.7\/5 - (4 votes)        "},{"@context":"https:\/\/schema.org\/","@type":"BreadcrumbList","itemListElement":[{"@type":"ListItem","position":1,"name":"D\u011bti p\u0159ed\u0161koln\u00edho v\u011bku cht\u011bj\u00ed mobil","item":"https:\/\/www.webus.cz\/deti-predskolniho-veku-chteji-mobil\/#breadcrumbitem"}]}]